{"id":7687,"date":"2024-04-08T13:00:29","date_gmt":"2024-04-08T11:00:29","guid":{"rendered":"https:\/\/www.santevet.be\/articles\/barometre-ipsos-santevet-mieux-connaitre-les-maitres"},"modified":"2026-05-13T18:43:21","modified_gmt":"2026-05-13T16:43:21","slug":"barometre-ipsos-santevet-mieux-connaitre-les-maitres","status":"publish","type":"post","link":"https:\/\/www.santevet.be\/fr\/articles\/barometre-ipsos-santevet-mieux-connaitre-les-maitres","title":{"rendered":"Barom\u00e8tre Ipsos\/Sant\u00e9Vet : mieux conna\u00eetre les ma\u00eetres"},"content":{"rendered":"<p><strong>Le 4 octobre, comme tous les ans, c\u2019est la <a href=\"..\/articles\/le-4-octobre-c-est-la-journee-mondiale-des-animaux\">Journ\u00e9e Mondiale des Animaux<\/a>. L\u2019occasion pour Sant\u00e9Vet, sp\u00e9cialiste de l\u2019assurance sant\u00e9 chien et chat, de revenir sur le barom\u00e8tre r\u00e9alis\u00e9 par l\u2019institut Ipsos. Objectif : mieux connaitre les propri\u00e9taires Belges. Voici ce qu\u2019il en ressort.<\/strong><\/p>\n<p>Pour ce barom\u00e8tre, 1002 interviews ont \u00e9t\u00e9 r\u00e9alis\u00e9es (500 propri\u00e9taires de chiens et 502 de chats) en Belgique.<\/p>\n<p>Il en ressort, dans les grandes lignes, que 69% des propri\u00e9taires ont achet\u00e9 leur chien et 21% leur chat. \u00a0<\/p>\n<h2 class=\"wysiwyg-title\"><strong>O\u00f9 les Belges ach\u00e8tent-ils leur chien et chat\u00a0?<\/strong><\/h2>\n<p>Ce sont les \u00e9leveurs qui sont privil\u00e9gi\u00e9s lors de l\u2019achat d\u2019un chien (39%) pour une d\u00e9pense s\u2019\u00e9levant \u00e0 535 \u20ac. Alors que lorsqu\u2019ils ach\u00e8tent leur animal, les propri\u00e9taires de chat passent autant par des refuges (32%) que par des \u00e9leveurs (30%) avec un montant moyen s\u2019\u00e9tablissant \u00e0 263 \u20ac.<\/p>\n<p><img decoding=\"async\" src=\"https:\/\/www.santevet.be\/wp-content\/uploads\/sites\/8\/2024\/04\/Infographie_DONNEES_ANIMAUX_analyse-07-84-scaled.jpg\" alt=\"l'acquisition d'un animal en Belgique\" width=\"2560\" height=\"1344\"><\/p>\n<p>\u00a0<\/p>\n<h2 class=\"wysiwyg-title\"><strong>Les Belges et l\u2019assurance sant\u00e9 animale\u00a0<\/strong><\/h2>\n<p>Les visites chez le v\u00e9t\u00e9rinaire sont fr\u00e9quentes en Belgique (2 et 1,5).<\/p>\n<p>Le budget pour les d\u00e9penses v\u00e9t\u00e9rinaires annuelles des ma\u00eetres de chien s\u2019\u00e9l\u00e8ve \u00e0 242 \u20ac pour une moyenne de 2 visites chez le praticien. Pour ce qui est du chat, les ma\u00eetres y consacrent 106 \u20ac (1,5 visites chez le v\u00e9t\u00e9rinaire par an).<\/p>\n<p>Le premier r\u00e9flexe des propri\u00e9taires lors de la d\u00e9gradation de l\u2019\u00e9tat de sant\u00e9 de l\u2019animal est de l\u2019emmener imm\u00e9diatement chez le v\u00e9t\u00e9rinaire (48% pour le chien et 44% pour le chat), voire de l\u2019appeler ou d\u2019appeler un proche (36 et 32%).<\/p>\n<div class=\"block-insurance mb-3\">\n<div class=\"block-insurance-content\">\n<p>76% des propri\u00e9taires de chien connaissent l\u2019existence des\u00a0<a href=\"..\/assurance-mutuelle-chien\">assurances sant\u00e9 animale<\/a>\u00a0et 6% d\u2019entre eux y ont souscrit. Chez les propri\u00e9taires de chat, le taux est respectivement de 72% et 12%.<\/p>\n<\/div>\n<\/div>\n<p>\u00a0<\/p>\n<p><img decoding=\"async\" src=\"https:\/\/www.santevet.be\/wp-content\/uploads\/sites\/8\/2024\/04\/Infographie_DONNEES_ANIMAUX_analyse-08-86-scaled.jpg\" alt=\"en cas de d\u00e9gradation de l'\u00e9tat de mon animal\" width=\"2560\" height=\"1344\"><\/p>\n<p>\u00a0<\/p>\n<p>Les propri\u00e9taires belges envisagent l\u2019euthanasie en cas de frais v\u00e9t\u00e9rinaires sup\u00e9rieurs \u00e0 1000\u20ac (12% chez les propri\u00e9taires de chien et 24% chez ceux de chat). Toutefois, la grande majorit\u00e9 des ma\u00eetres\u00a0seraient pr\u00eats \u00e0 payer avec leurs fonds personnels en cas de frais v\u00e9t\u00e9rinaires importants (60% pour les propri\u00e9taires de chien et 48% pour les propri\u00e9taires de chat).<\/p>\n<p>\u00a0<\/p>\n<h2 class=\"wysiwyg-title\"><strong>Chien et chat\u00a0: un support \u00e9motionnel fort pour les Belges<\/strong><\/h2>\n<p>Au quotidien, les animaux sont per\u00e7us comme \u00e9tant un support \u00e9motionnel, notamment concernant les chiens (58%), contre 42% pour les chats.<\/p>\n<p>Une grande partie des propri\u00e9taires interrog\u00e9s ont d\u00e9j\u00e0 \u00e9t\u00e9 consol\u00e9s par leur animal. A noter que ce support \u00e9motionnel a tendance \u00e0 \u00eatre plus fr\u00e9quent pour les propri\u00e9taires de chiens (91 vs 83%).<\/p>\n<p>Selon 80% des propri\u00e9taires de chien et 64% des propri\u00e9taires de chat, leurs animaux ressentent tr\u00e8s fortement les \u00e9motions.<\/p>\n<p><img decoding=\"async\" src=\"https:\/\/www.santevet.be\/wp-content\/uploads\/sites\/8\/2024\/04\/Infographie_DONNEES_ANIMAUX_analyse-10-45-scaled.jpg\" alt=\"mon animal ressent les \u00e9motions\" width=\"2560\" height=\"1344\"><\/p>\n<p>Pour les propri\u00e9taires, les animaux augmentent leur bien-\u00eatre en leur \u00e9vitant de se sentir seul et en r\u00e9duisant leur niveau de stress.<\/p>\n<p>Un bien-\u00eatre qui tend \u00e0 \u00eatre plus per\u00e7u par les propri\u00e9taires de chat.<\/p>\n<div class=\"block-insurance mb-3\">\n<div class=\"block-insurance-content\">\n<h3><strong>Un budget v\u00eatement annuel cons\u00e9quent pour les chiens et chats belges<\/strong><\/h3>\n<p>Les propri\u00e9taires belges \u00ab\u00a0adorent\u00a0\u00bb acheter des v\u00eatements \u00e0 leurs animaux\u00a0: 29% des propri\u00e9taires de chien et 13% des propri\u00e9taires de chat en ont d\u00e9j\u00e0 achet\u00e9 un \u00e0 leur compagnon.<\/p>\n<\/div>\n<\/div>\n<p>\u00a0<\/p>\n<p>\u00a0<\/p>\n<p><img decoding=\"async\" src=\"https:\/\/www.santevet.be\/wp-content\/uploads\/sites\/8\/2024\/04\/Infographie_DONNEES_ANIMAUX_analyse-11-20-scaled.jpg\" alt=\"v\u00eatement pour animal\" width=\"2560\" height=\"1344\"><\/p>\n<p>\u00a0<\/p>\n<p>Le budget moyen annuel de d\u00e9pense en v\u00eatements s\u2019\u00e9l\u00e8ve \u00e0 173\u20ac pour les propri\u00e9taires de chien et 196\u20ac pour les propri\u00e9taires de chat.<\/p>\n<p>\u00a0<\/p>\n<h2 class=\"wysiwyg-title\"><strong>Des animaux jug\u00e9s rancuniers\u00a0!<\/strong><\/h2>\n<p>En cas d\u2019absence (la journ\u00e9e ou lorsque les propri\u00e9taires partent en vacances), lorsqu\u2019ils ont faim, mais encore apr\u00e8s une remontrance, les chats ont tendance \u00e0 \u00eatre per\u00e7us comme \u00e9tant plus rancuniers et \u00e0 le montrer plus fr\u00e9quemment.<\/p>\n<p>Lorsqu\u2019il est question de partir en vacances, les ma\u00eetres patent en avec leur compagnon : \u00a034% (chien) et 6% (chat).\u00a0<\/p>\n<p>Enfin, quand il faut <a href=\"..\/articles\/faire-garder-son-chien\" target=\"_blank\" rel=\"noopener\"><strong>faire garder son animal de compagnie<\/strong><\/a>, c\u2019est un membre de la famille qui est l\u2019alternative la plus fr\u00e9quente pour les propri\u00e9taires belges qui ne partent pas avec leur animal (67% pour le chien, 55% pour le chat)\u00a0; les chats sont plus facilement confi\u00e9s \u00e0 un voisin 31%, contre 9% chez le chien.<\/p>\n<p>\u00a0<\/p>\n<blockquote>\n<h2 class=\"wysiwyg-title\"><strong>Des disparit\u00e9s selon les r\u00e9gions<\/strong><\/h2>\n<\/blockquote>\n<p>Le barom\u00e8tre Ipsos \/ Sant\u00e9Vet fait ressortir quelques diff\u00e9rences concernant les propri\u00e9taires selon les r\u00e9gions.<\/p>\n<p>Ainsi, 34% des ma\u00eetres de chien et 26% de chat sont de nouveaux propri\u00e9taires \u00e0 Bruxelles (Centre) \u2013 32% n\u2019est pas un animal de pure race \u2013 , contre 26% et 16% en Flandre (Nord) \u2013 32% n\u2019est pas un animal de pure race \u2013 ; 14% et 1% en Wallonie (Sud) o\u00f9 pour 45%, ce n\u2019est pas un animal de pure race.<\/p>\n<p>\u00a0<\/p>\n<p><em>Sant\u00e9Vet<\/em><\/p>\n<p><em>Ensemble, prenons soin de votre animal<\/em><\/p>\n<p>Source\u00a0<em>: \u00a9Ipsos \u2013 Observatoire Belgique \u2013 Pour Sant\u00e9Vet<\/em><\/p>\n","protected":false},"excerpt":{"rendered":"<p>Le 4 octobre, comme tous les ans, c&rsquo;est la Journ&eacute;e Mondiale des Animaux. L&rsquo;occasion pour Sant&eacute;Vet, sp&eacute;cialiste de l&rsquo;assurance sant&eacute; chien et chat, de revenir sur le barom&egrave;tre r&eacute;alis&eacute; par l&rsquo;institut Ipsos. Objectif : mieux connaitre les propri&eacute;taires Belges. Voici ce qu&rsquo;il en ressort.<\/p>\n","protected":false},"author":3,"featured_media":9625,"comment_status":"closed","ping_status":"closed","sticky":false,"template":"","format":"standard","meta":{"_acf_changed":false,"rank_math_description":"Le 4 octobre, c\u2019est la Journ\u00e9e Mondiale des Animaux. L\u2019occasion pour Sant\u00e9Vet de revenir sur le barom\u00e8tre r\u00e9alis\u00e9 par l\u2019institut Ipsos.","rank_math_title":"Barom\u00e8tre Ipsos\/Sant\u00e9Vet : mieux conna\u00eetre les ma\u00eetres - Sant\u00e9vet","rank_math_focus_keyword":"","footnotes":""},"categories":[180],"tags":[],"class_list":["post-7687","post","type-post","status-publish","format-standard","has-post-thumbnail","hentry","category-actualite-1"],"acf":[],"_links":{"self":[{"href":"https:\/\/www.santevet.be\/fr\/wp-json\/wp\/v2\/posts\/7687","targetHints":{"allow":["GET"]}}],"collection":[{"href":"https:\/\/www.santevet.be\/fr\/wp-json\/wp\/v2\/posts"}],"about":[{"href":"https:\/\/www.santevet.be\/fr\/wp-json\/wp\/v2\/types\/post"}],"author":[{"embeddable":true,"href":"https:\/\/www.santevet.be\/fr\/wp-json\/wp\/v2\/users\/3"}],"replies":[{"embeddable":true,"href":"https:\/\/www.santevet.be\/fr\/wp-json\/wp\/v2\/comments?post=7687"}],"version-history":[{"count":1,"href":"https:\/\/www.santevet.be\/fr\/wp-json\/wp\/v2\/posts\/7687\/revisions"}],"predecessor-version":[{"id":17241,"href":"https:\/\/www.santevet.be\/fr\/wp-json\/wp\/v2\/posts\/7687\/revisions\/17241"}],"wp:featuredmedia":[{"embeddable":true,"href":"https:\/\/www.santevet.be\/fr\/wp-json\/wp\/v2\/media\/9625"}],"wp:attachment":[{"href":"https:\/\/www.santevet.be\/fr\/wp-json\/wp\/v2\/media?parent=7687"}],"wp:term":[{"taxonomy":"category","embeddable":true,"href":"https:\/\/www.santevet.be\/fr\/wp-json\/wp\/v2\/categories?post=7687"},{"taxonomy":"post_tag","embeddable":true,"href":"https:\/\/www.santevet.be\/fr\/wp-json\/wp\/v2\/tags?post=7687"}],"curies":[{"name":"wp","href":"https:\/\/api.w.org\/{rel}","templated":true}]}}